{"id":921,"date":"2015-01-29T07:08:35","date_gmt":"2015-01-29T05:08:35","guid":{"rendered":"http:\/\/www.theawardian.de\/?p=921"},"modified":"2015-01-29T07:13:23","modified_gmt":"2015-01-29T05:13:23","slug":"oscar-analyse-bester-dokumentarfilm","status":"publish","type":"post","link":"https:\/\/www.theawardian.de\/?p=921","title":{"rendered":"Oscar-Analyse: Bester Dokumentarfilm"},"content":{"rendered":"<p>Vorweg: In Punkto Dokumentarfilmen bin ich alles andere als ein Experte. Ein Gro\u00dfteil derer, die ich gesehen habe, ist Oscar nominiert \u2013 und kaum einer davon \u00e4lter als zehn Jahre. Gleichwohl habe ich es diesmal noch nie so fr\u00fch geschafft, das diesj\u00e4hrige Nominierungsquintett zu Gesicht zu bekommen.<\/p>\n<p><span style=\"line-height: 1.5;\"><!--more--><\/span><\/p>\n<h2><span style=\"color: #80bfff;\">CITIZENFOUR<\/span><\/h2>\n<p><span style=\"line-height: 1.5;\">Den Start macht der Frontrunner, der allein aufgrund seiner Thematik die Nase vorn hat. <\/span><b style=\"line-height: 1.5;\">CITIZENFOUR<\/b><span style=\"line-height: 1.5;\"> dokumentiert vornehmlich jene Tage, in denen Edward Snowden sich zum Verrat der NSA entschloss. Genau genommen sprach er fast eine Woche lang in einem Hotel in Hongkong mit den Journalisten Glenn Greenwald und Ewan MacAskill sowie der Dokumentarfilmerin Laura Poitras, die wiederum die Neuigkeiten \u00fcber die NSA-Spionage der ganzen Welt zug\u00e4nglich machten. Snowden wurde dabei von Poitras gefilmt und das daraus enstandene Material bildet den Kern von <\/span><b style=\"line-height: 1.5;\">CITIZENFOUR<\/b><span style=\"line-height: 1.5;\">.<\/span><\/p>\n<p><span style=\"line-height: 1.5;\">Was soll ich sagen? Im Prinzip ist es wenig spektakul\u00e4r, was unterm Strich herauskommt. Das meiste wei\u00df man bereits beziehungsweise man kann es sich denken, weshalb der Dokumentarfilm eher interessant f\u00fcr jene ist, die den Menschen Edward Snowden und seine Beweggr\u00fcnde f\u00fcr seine Handlungen kennenlernen m\u00f6chten. Daf\u00fcr ist der Film gut genug und er w\u00e4re auch kein unw\u00fcrdiger Preistr\u00e4ger, auch wenn ich ihn pers\u00f6nlich nicht w\u00e4hlen w\u00fcrde. Daf\u00fcr ist er dann doch zu \u201csimpel\u201c gestaltet und ruht sich meiner Meinung nach zu sehr auf der (durchaus brisanten) Thematik aus, w\u00e4hrend hinter einigen der anderen Kandidaten bedeutend mehr Aufwand steckt.<\/span><\/p>\n<p>&nbsp;<br \/>\n<iframe loading=\"lazy\"  id=\"_ytid_14753\"  width=\"576\" height=\"324\"  data-origwidth=\"576\" data-origheight=\"324\" src=\"https:\/\/www.youtube.com\/embed\/_0pAuXkFMfw?enablejsapi=1&#038;autoplay=0&#038;cc_load_policy=0&#038;cc_lang_pref=&#038;iv_load_policy=1&#038;loop=0&#038;rel=1&#038;fs=1&#038;playsinline=0&#038;autohide=2&#038;theme=dark&#038;color=red&#038;controls=1&#038;disablekb=0&#038;\" class=\"__youtube_prefs__  epyt-is-override  no-lazyload\" title=\"YouTube player\"  allow=\"fullscreen; accelerometer; autoplay; clipboard-write; encrypted-media; gyroscope; picture-in-picture; web-share\" referrerpolicy=\"strict-origin-when-cross-origin\" allowfullscreen data-no-lazy=\"1\" data-skipgform_ajax_framebjll=\"\"><\/iframe><br \/>\n&nbsp;<\/p>\n<h2><span style=\"color: #80bfff;\">Das Salz der Erde<\/span><\/h2>\n<p><span style=\"line-height: 1.5;\">Meine Stimme geht ganz eindeutig an Wim Wenders \u2013 mal wieder, denn der Mann hat mich bereits vor ein paar Jahren mit <\/span><b style=\"line-height: 1.5;\">Pina<\/b><span style=\"line-height: 1.5;\"> schwer beeindruckt. <\/span><b style=\"line-height: 1.5;\">Das Salz der Erde<\/b><span style=\"line-height: 1.5;\"> zeigt das Schaffen des Fotographen Sebasti\u00e3o Salgado, der im Laufe seines 70 Jahre alten Lebens die halbe Welt besucht und seine Reisen in Form von dicken Bildb\u00e4nden abgelichtet hat. Zun\u00e4chst begibt er sich in eine Krisennation nach der anderen und wird Zeuge besonders h\u00e4sslicher Verbrechen, darunter die Ausbeutung der Arbeiter in der brasilianischen Goldmine Serra Pelada oder der Genozid in Ruanda. Die menschlichen Gr\u00e4ueltaten und Massaker, die er Salgado pers\u00f6nlich miterlebt hat, haben ihn halb wahnsinnig gemacht.<\/span><\/p>\n<p><span style=\"line-height: 1.5;\">Am Ende sieht er nur einen Ausweg: zur\u00fcck zur Natur. Und diese hat nicht nur sein Seelenheil gerettet, sondern ihm auch in einer gewissen Form gezeigt, dass noch nicht alles verloren ist &#8211; inwiefern m\u00f6chte ich nicht verraten. <\/span><b style=\"line-height: 1.5;\">Das Salz der Erde<\/b><span style=\"line-height: 1.5;\"> ist jedenfalls ein ganz seltener Dokumentarfilme, nachdem ich mich ganz in die Person hineinf\u00fchlen konnte, die er behandelt. Ich sehr nicht nur Salgados Bilder, sondern ich sp\u00fcre, was der Mann dabei gelitten haben muss.<\/span><\/p>\n<p>&nbsp;<br \/>\n<iframe loading=\"lazy\"  id=\"_ytid_33295\"  width=\"576\" height=\"324\"  data-origwidth=\"576\" data-origheight=\"324\" src=\"https:\/\/www.youtube.com\/embed\/N8FBmtLIKhY?enablejsapi=1&#038;autoplay=0&#038;cc_load_policy=0&#038;cc_lang_pref=&#038;iv_load_policy=1&#038;loop=0&#038;rel=1&#038;fs=1&#038;playsinline=0&#038;autohide=2&#038;theme=dark&#038;color=red&#038;controls=1&#038;disablekb=0&#038;\" class=\"__youtube_prefs__  epyt-is-override  no-lazyload\" title=\"YouTube player\"  allow=\"fullscreen; accelerometer; autoplay; clipboard-write; encrypted-media; gyroscope; picture-in-picture; web-share\" referrerpolicy=\"strict-origin-when-cross-origin\" allowfullscreen data-no-lazy=\"1\" data-skipgform_ajax_framebjll=\"\"><\/iframe><br \/>\n&nbsp;<\/p>\n<h2><span style=\"color: #80bfff;\">Virunga<\/span><\/h2>\n<p><span style=\"line-height: 1.5;\">Der zweite Dokumentarfilm, der mich pers\u00f6nlich schwer beeindruckt hat, hei\u00dft <\/span><b style=\"line-height: 1.5;\">Virunga <\/b><span style=\"line-height: 1.5;\">und ist f\u00fcr jedeman zug\u00e4nglich, der Zugang zu einem Netflix-Account hat. Benannt nach dem gleichnamigen Nationalpark im Kongo, zeigt der Film zun\u00e4chst eines der letzten Freigehege der Berggorillas. Die vor Ort arbeitenden Ranger setzen all ihre Kraft ein und ihr eigenes Leben aufs Spiel, um den Park gegen militante Rebellengruppen und gierige \u00d6lbohrfirmen zu verteidigen.<\/span><\/p>\n<p><span style=\"line-height: 1.5;\">Das interessante an <\/span><b style=\"line-height: 1.5;\">Virunga<\/b><span style=\"line-height: 1.5;\"> ist die Erz\u00e4hlstruktur, die mehr an ein Drama anstatt an einen Dokumentarfilm erinnert. Die Situation wirkt derart brisant und \u201cspannend\u201c, dass der Stoff reif f\u00fcr einen Hollywoodfilm w\u00e4re \u2013 nur das man eine solche Mainstream-untaugliche Geschichte leider nur schwer einem Millionen schweren Publikum \u201cverkaufen\u201c k\u00f6nnte. Doch das braucht es auch nicht: <\/span><b style=\"line-height: 1.5;\">Virunga<\/b><span style=\"line-height: 1.5;\"> ist bereits in dieser Form interessant, aufw\u00fchlend und erstaunlich packend genug.<\/span><\/p>\n<p>&nbsp;<br \/>\n<iframe loading=\"lazy\"  id=\"_ytid_70899\"  width=\"576\" height=\"324\"  data-origwidth=\"576\" data-origheight=\"324\" src=\"https:\/\/www.youtube.com\/embed\/wxXf2Vxj_EU?enablejsapi=1&#038;autoplay=0&#038;cc_load_policy=0&#038;cc_lang_pref=&#038;iv_load_policy=1&#038;loop=0&#038;rel=1&#038;fs=1&#038;playsinline=0&#038;autohide=2&#038;theme=dark&#038;color=red&#038;controls=1&#038;disablekb=0&#038;\" class=\"__youtube_prefs__  epyt-is-override  no-lazyload\" title=\"YouTube player\"  allow=\"fullscreen; accelerometer; autoplay; clipboard-write; encrypted-media; gyroscope; picture-in-picture; web-share\" referrerpolicy=\"strict-origin-when-cross-origin\" allowfullscreen data-no-lazy=\"1\" data-skipgform_ajax_framebjll=\"\"><\/iframe><br \/>\n&nbsp;<\/p>\n<h2><span style=\"color: #80bfff;\">Finding Vivian Maier<\/span><\/h2>\n<p><span style=\"line-height: 1.5;\">Beim n\u00e4chsten Kandidaten wurde mir beim Zusehen leicht mulmig \u2013 weil mir manche Aspekte n\u00e4mlich sehr bekannt vorkamen. Vivian Maier war eine alte Frau, die vor ein paar Jahren vereinsamt verstorben ist. Ihr Hab und Gut wurde gegen Ende ihres Lebens zwecks Tilgung von Mitschulden versteigert, wobei ein Mann namens John Maloof nichtsahnend eine ihrer Kisten ergatterte, in der er Tausende von unentwickelten Negativen fand. Die darauf zu sehenden Bilder zeigen vornehmlich Passanten der Stadt Chicago, in einer erstaunlich gut erhaltenen Qualit\u00e4t und in einer durchaus professionell wirkenden Pose. Maloof machte sich auf die Suche nach den anderen versteigerten Kisten und fand schlussendlich satte 100.000 Fotos, die Vivian Maier in ihrem Leben geschossen haben muss.<\/span><\/p>\n<p><span style=\"line-height: 1.5;\">Der Film dreht sich prim\u00e4r um eine Frage: Wer zum Geier war die Frau und warum hat sie nie etwas \u00fcber ihr \u201cLebenswerk\u201c verlautbaren lassen? Auf mich wirkte vor allem ihr Messi-Verhalten und ihr dokumentierter Wutausbruch, nachdem ein paar ihrer gesammelten Zeitungen weggeworfen wurden, be\u00e4ngstigend echt &#8211; denn ich kenne ein solches aus meinem pers\u00f6nlichen Bekanntenkreis nur allzu gut. Somit kann ich <\/span><b style=\"line-height: 1.5;\">Finding Vivian Maier<\/b><span style=\"line-height: 1.5;\"> in jedem Fall ein gewisses Ma\u00df an Authentizit\u00e4t bescheinigen, auch wenn das Thema an sich bei weitem nicht so bewegend und wichtig erscheint, wie das der anderen nominierten Dokumentarfilme.<\/span><\/p>\n<p>&nbsp;<br \/>\n<iframe loading=\"lazy\"  id=\"_ytid_99997\"  width=\"576\" height=\"324\"  data-origwidth=\"576\" data-origheight=\"324\" src=\"https:\/\/www.youtube.com\/embed\/8zca4eSItyk?enablejsapi=1&#038;autoplay=0&#038;cc_load_policy=0&#038;cc_lang_pref=&#038;iv_load_policy=1&#038;loop=0&#038;rel=1&#038;fs=1&#038;playsinline=0&#038;autohide=2&#038;theme=dark&#038;color=red&#038;controls=1&#038;disablekb=0&#038;\" class=\"__youtube_prefs__  epyt-is-override  no-lazyload\" title=\"YouTube player\"  allow=\"fullscreen; accelerometer; autoplay; clipboard-write; encrypted-media; gyroscope; picture-in-picture; web-share\" referrerpolicy=\"strict-origin-when-cross-origin\" allowfullscreen data-no-lazy=\"1\" data-skipgform_ajax_framebjll=\"\"><\/iframe><br \/>\n&nbsp;<\/p>\n<h2><span style=\"color: #80bfff;\">Last Days in Vietnam<\/span><\/h2>\n<p><span style=\"line-height: 1.5;\">Den Abschluss macht Rory Kennedy, ihres Zeichen die j\u00fcngste Tochter von Bobby Kennedy und somit die Nichte von niemand anderem als John F. Kennedy. Sie nahm sich des Vietnamkrieg-Themas an, auch wenn es sicherlich einigen zum Hals raus h\u00e4ngen k\u00f6nnte. Die Existenzberechtigung von <\/span><b style=\"line-height: 1.5;\">Last Days in Vietnam<\/b><span style=\"line-height: 1.5;\"> zieht der Film aufgrund der namensgebenden Zeitperiode: Hier geht es ausschlie\u00dflich um die letzten Wochen des Krieges, in denen die Nordvietnamesen in Saigon einmarschieren, viele S\u00fcdvietnamesen verzweifelt die Flucht ergreifen und die Amerikaner mit sich am Hadern waren, inwiefern sie sich nun noch einmischen sollten \u2013 obwohl Pr\u00e4sident Ford just zuvor den R\u00fcckzug aus der Region erkl\u00e4rt hatte.<\/span><\/p>\n<p><span style=\"line-height: 1.5;\">Im Prinzip hat Rory Kennedy einen guten Film gedreht, der glaubw\u00fcrdig und nachvollziehbar die besagten Ereignisse schildert. Jedoch fiel es mir schwer, das Interesse aufrecht zu erhalten. Das mag vielleicht an der Thematik liegen, jedoch sollte ein grandioser Dokumentarfilm auch Leute ansprechen, die neben dem Tellerrand stehen. Und das schafft <\/span><b style=\"line-height: 1.5;\">Last Days in Vietnam<\/b><span style=\"line-height: 1.5;\"> in meinen Augen nicht, weshalb ich ihn als den schw\u00e4chsten Film des nominierten Quintetts ansehe.<\/span><\/p>\n<p>&nbsp;<br \/>\n<iframe loading=\"lazy\"  id=\"_ytid_36779\"  width=\"576\" height=\"324\"  data-origwidth=\"576\" data-origheight=\"324\" src=\"https:\/\/www.youtube.com\/embed\/RTWX-BB4aAA?enablejsapi=1&#038;autoplay=0&#038;cc_load_policy=0&#038;cc_lang_pref=&#038;iv_load_policy=1&#038;loop=0&#038;rel=1&#038;fs=1&#038;playsinline=0&#038;autohide=2&#038;theme=dark&#038;color=red&#038;controls=1&#038;disablekb=0&#038;\" class=\"__youtube_prefs__  epyt-is-override  no-lazyload\" title=\"YouTube player\"  allow=\"fullscreen; accelerometer; autoplay; clipboard-write; encrypted-media; gyroscope; picture-in-picture; web-share\" referrerpolicy=\"strict-origin-when-cross-origin\" allowfullscreen data-no-lazy=\"1\" data-skipgform_ajax_framebjll=\"\"><\/iframe><br \/>\n&nbsp;<\/p>\n<p>Somit bleibt nur meine Rangreihenfolge, die ich bereits im Text angedeutet habe:<\/p>\n<ol>\n<li>Das Salz der Erde<\/li>\n<li>Virunga<\/li>\n<li>CITIZENFOUR<\/li>\n<li>Finding Vivian Maier<\/li>\n<li>Last Days in Vietnam<\/li>\n<\/ol>\n","protected":false},"excerpt":{"rendered":"<p>Vorweg: In Punkto Dokumentarfilmen bin ich alles andere als ein Experte. Ein Gro\u00dfteil derer, die ich gesehen habe, ist Oscar nominiert \u2013 und kaum einer davon \u00e4lter als zehn Jahre. Gleichwohl habe ich es diesmal noch nie so fr\u00fch geschafft, das diesj\u00e4hrige Nominierungsquintett zu Gesicht zu bekommen.<\/p>\n","protected":false},"author":1,"featured_media":0,"comment_status":"open","ping_status":"open","sticky":false,"template":"","format":"standard","meta":{"footnotes":""},"categories":[11,1,12],"tags":[],"class_list":["post-921","post","type-post","status-publish","format-standard","hentry","category-movie","category-allgemein","category-movie-awards"],"_links":{"self":[{"href":"https:\/\/www.theawardian.de\/index.php?rest_route=\/wp\/v2\/posts\/921","targetHints":{"allow":["GET"]}}],"collection":[{"href":"https:\/\/www.theawardian.de\/index.php?rest_route=\/wp\/v2\/posts"}],"about":[{"href":"https:\/\/www.theawardian.de\/index.php?rest_route=\/wp\/v2\/types\/post"}],"author":[{"embeddable":true,"href":"https:\/\/www.theawardian.de\/index.php?rest_route=\/wp\/v2\/users\/1"}],"replies":[{"embeddable":true,"href":"https:\/\/www.theawardian.de\/index.php?rest_route=%2Fwp%2Fv2%2Fcomments&post=921"}],"version-history":[{"count":5,"href":"https:\/\/www.theawardian.de\/index.php?rest_route=\/wp\/v2\/posts\/921\/revisions"}],"predecessor-version":[{"id":927,"href":"https:\/\/www.theawardian.de\/index.php?rest_route=\/wp\/v2\/posts\/921\/revisions\/927"}],"wp:attachment":[{"href":"https:\/\/www.theawardian.de\/index.php?rest_route=%2Fwp%2Fv2%2Fmedia&parent=921"}],"wp:term":[{"taxonomy":"category","embeddable":true,"href":"https:\/\/www.theawardian.de\/index.php?rest_route=%2Fwp%2Fv2%2Fcategories&post=921"},{"taxonomy":"post_tag","embeddable":true,"href":"https:\/\/www.theawardian.de\/index.php?rest_route=%2Fwp%2Fv2%2Ftags&post=921"}],"curies":[{"name":"wp","href":"https:\/\/api.w.org\/{rel}","templated":true}]}}