{"id":6160,"date":"2017-02-23T18:36:28","date_gmt":"2017-02-23T16:36:28","guid":{"rendered":"http:\/\/www.theawardian.de\/?p=6160"},"modified":"2017-03-03T00:05:21","modified_gmt":"2017-03-02T22:05:21","slug":"oscar-podcast-2017-1","status":"publish","type":"post","link":"https:\/\/www.theawardian.de\/?p=6160","title":{"rendered":"Oscar-Podcast 2016\/2017 #1"},"content":{"rendered":"<p>Eine Premiere f\u00fcr The Awardian: Heute pr\u00e4sentiere ich euch den ersten Podcast, der speziell f\u00fcr meinen kleinen Blog erstellt wurde. Neben mir als Moderator und Oscar-Nerd kommt f\u00fcr diesen Event der Daniel, der Habern, zum Zuge, der sich ebenfalls m\u00e4chtig ins Zeug gelegt und zahlreiche Oscar nominierte Filme geschaut hat.<\/p>\n<p><!--more--><br \/>\n<iframe loading=\"lazy\"  id=\"_ytid_75442\"  width=\"576\" height=\"324\"  data-origwidth=\"576\" data-origheight=\"324\" src=\"https:\/\/www.youtube.com\/embed\/GiNq94aGRuU?enablejsapi=1&#038;autoplay=0&#038;cc_load_policy=0&#038;cc_lang_pref=&#038;iv_load_policy=1&#038;loop=0&#038;rel=1&#038;fs=1&#038;playsinline=0&#038;autohide=2&#038;theme=dark&#038;color=red&#038;controls=1&#038;disablekb=0&#038;\" class=\"__youtube_prefs__  epyt-is-override  no-lazyload\" title=\"YouTube player\"  allow=\"fullscreen; accelerometer; autoplay; clipboard-write; encrypted-media; gyroscope; picture-in-picture; web-share\" referrerpolicy=\"strict-origin-when-cross-origin\" allowfullscreen data-no-lazy=\"1\" data-skipgform_ajax_framebjll=\"\"><\/iframe><br \/>\nEine kleine Erkl\u00e4rung: Der Podcast wurde bereits am Sonntag aufgezeichnet, weshalb wir das Ergebnis des WGA-Awards noch nicht kannten (f\u00fcr das Protokoll: Moonlight und Arrival haben gewonnen, was das Rennen um die beiden Drehbuch-Oscars nur noch spannender macht). Des Weiteren sind die erw\u00e4hnten Kurzfilme bereits seit vorgestern auf iTunes, Amazon und Vimeo verf\u00fcgbar.<\/p>\n<p>Die f\u00fcnf nominierten Kurzdokumentarifilme k\u00f6nnt ihr auf den folgenden Seiten kostenlos oder per Netflix-Account anschauen:<\/p>\n<p><a href=\"https:\/\/www.nytimes.com\/\u2026\/opi\u2026\/100000004674545\/41-miles.html\">4.1 Miles (New York Times)<\/a><br \/>\n<a href=\"http:\/\/video.newyorker.com\/watch\/the-new-yorker-shorts-joe-s-violin\">Joe&#8217;s Violin (The New Yorker)<\/a><br \/>\n<a href=\"https:\/\/www.zdf.de\/politik\/auslandsjournal\/das-schicksal-der-kinder-von-aleppo-102.html\">Das Schicksal der Kinder von Aleppo (ZDF)<\/a><br \/>\n<a href=\"https:\/\/www.netflix.com\/title\/80106307\">Extremis (Netflix)<\/a><br \/>\n<a href=\"https:\/\/www.netflix.com\/title\/80101827\">Die Weisshelme (Netflix)<\/a><\/p>\n","protected":false},"excerpt":{"rendered":"<p>Eine Premiere f\u00fcr The Awardian: Heute pr\u00e4sentiere ich euch den ersten Podcast, der speziell f\u00fcr meinen kleinen Blog erstellt wurde. Neben mir als Moderator und Oscar-Nerd kommt f\u00fcr diesen Event der Daniel, der Habern, zum Zuge, der sich ebenfalls m\u00e4chtig ins Zeug gelegt und zahlreiche Oscar nominierte Filme geschaut hat.<\/p>\n","protected":false},"author":1,"featured_media":0,"comment_status":"open","ping_status":"open","sticky":false,"template":"","format":"standard","meta":{"footnotes":""},"categories":[11,12],"tags":[],"class_list":["post-6160","post","type-post","status-publish","format-standard","hentry","category-movie","category-movie-awards"],"_links":{"self":[{"href":"https:\/\/www.theawardian.de\/index.php?rest_route=\/wp\/v2\/posts\/6160","targetHints":{"allow":["GET"]}}],"collection":[{"href":"https:\/\/www.theawardian.de\/index.php?rest_route=\/wp\/v2\/posts"}],"about":[{"href":"https:\/\/www.theawardian.de\/index.php?rest_route=\/wp\/v2\/types\/post"}],"author":[{"embeddable":true,"href":"https:\/\/www.theawardian.de\/index.php?rest_route=\/wp\/v2\/users\/1"}],"replies":[{"embeddable":true,"href":"https:\/\/www.theawardian.de\/index.php?rest_route=%2Fwp%2Fv2%2Fcomments&post=6160"}],"version-history":[{"count":2,"href":"https:\/\/www.theawardian.de\/index.php?rest_route=\/wp\/v2\/posts\/6160\/revisions"}],"predecessor-version":[{"id":6201,"href":"https:\/\/www.theawardian.de\/index.php?rest_route=\/wp\/v2\/posts\/6160\/revisions\/6201"}],"wp:attachment":[{"href":"https:\/\/www.theawardian.de\/index.php?rest_route=%2Fwp%2Fv2%2Fmedia&parent=6160"}],"wp:term":[{"taxonomy":"category","embeddable":true,"href":"https:\/\/www.theawardian.de\/index.php?rest_route=%2Fwp%2Fv2%2Fcategories&post=6160"},{"taxonomy":"post_tag","embeddable":true,"href":"https:\/\/www.theawardian.de\/index.php?rest_route=%2Fwp%2Fv2%2Ftags&post=6160"}],"curies":[{"name":"wp","href":"https:\/\/api.w.org\/{rel}","templated":true}]}}