{"id":1053,"date":"2015-03-03T01:23:52","date_gmt":"2015-03-02T23:23:52","guid":{"rendered":"http:\/\/www.theawardian.de\/?p=1053"},"modified":"2015-03-03T01:29:52","modified_gmt":"2015-03-02T23:29:52","slug":"selma","status":"publish","type":"post","link":"https:\/\/www.theawardian.de\/?p=1053","title":{"rendered":"Selma"},"content":{"rendered":"<p>Wann ist es notwendig, uns auf die Vergangenheit aufmerksam zu machen? Haben wir solch Themen wie Holocaust oder Rassenhass nicht zur Gen\u00fcge aufgearbeitet? M\u00fcssten sie nicht l\u00e4ngst in all unseren K\u00f6pfen manifestiert sein? Und wozu brauchen wir dann noch mehr Filme, die uns auf die Ungerechtigkeiten der letzten Jahrzehnte aufmerksam machen, wenn wir es doch nach all der Schei\u00dfe, die in der Geschichte der Menschheit passiert ist, besser wissen M\u00dcSSTEN?<\/p>\n<p><span style=\"line-height: 1.5;\"><!--more--><a href=\"https:\/\/www.theawardian.de\/wp-content\/uploads\/2015\/03\/Selma.jpg\"><img loading=\"lazy\" decoding=\"async\" class=\" wp-image-1054 alignnone\" alt=\"Selma\" src=\"https:\/\/www.theawardian.de\/wp-content\/uploads\/2015\/03\/Selma.jpg\" width=\"600\" height=\"863\" \/><\/a>Wir schreiben das Jahr 1964: Martin Luther King, Jr. hat bereits mit 35 viel erreicht, um einen Friedensnobelpreis zu erhalten \u2013 was auch immer dieser Wert sein mag. Bedeuten tut er ihm sichtlich wenig, wenn weiterhin in den USA Schwarze auf unverh\u00e4ltnism\u00e4ssige Art und Weise unterdr\u00fcckt werden. Man d\u00fcrfe zwar immerhin w\u00e4hlen \u2013 aber nur, wer durch die Registrierung kommt. Die wiederum ist in vielen St\u00e4dten in der wei\u00dfen Hand einzelner Beamten, die nach eigenem Ermessen entscheiden, wer zur Wahl zugelassen wird und wer nicht.<\/span><\/p>\n<p><span style=\"line-height: 1.5;\">King wendet sich direkt an den amtierenden Pr\u00e4sidenten Lyndon B. Johnson, die Gesetzeslage klarer zu gestalten und eine Registrierung ohne willk\u00fcrliche Hindernisse zu erm\u00f6glichen. Doch Johnson ziert sich: Er sei f\u00fcr Gleichberechtigung, habe aber derzeit andere Baustellen, um die er sich k\u00fcmmern m\u00fcsse. Deshalb \u00fcberredet King seine Gefolgsleute zu friedlichen Protestm\u00e4rschen, beginnend in Selma \u2013 in der Hoffnung ein Zeichen zu setzen und f\u00fcr Aufmerksamkeit zu sorgen. Ihr erstes Ziel ist das hiesige Registrierungsb\u00fcro, wo bereits der erzkonservative Sheriff Jim Clark mit seinen bewaffneten Polizeikr\u00e4ften wartet&#8230;<\/span><\/p>\n<p><span style=\"line-height: 1.5;\">Seid ehrlich: Wer hat Lust sich einen Film wie <\/span><b style=\"line-height: 1.5;\">Selma<\/b><span style=\"line-height: 1.5;\"> anzuschauen? Die Pr\u00e4misse schreit geradezu nach &#8222;anstrengend&#8220; \u2013 aber dabei ist das Thema weniger &#8222;schwerf\u00e4llig&#8220; als einfach nur &#8222;unbequem&#8220;. Und deshalb gleicht es einem Wunder, wie &#8222;unterhaltend&#8220; der Film von Ava DuVernay geworden ist. Nat\u00fcrlich ist es alles andere als sch\u00f6n, was dort gezeigt wird \u2013 gleich zu Beginn fliegt eine Kirche mitsamt vier jungen M\u00e4dchen in die Luft. Die Explosion gleicht einem Weckruf, der euch aus allen Gedanken herausrei\u00dft.<\/span><\/p>\n<p><span style=\"line-height: 1.5;\">Danach schildert DuVernay eigentlich recht n\u00fcchtern die Ereignisse, die King und seine Anh\u00e4nger zur friedlichen Demonstration bewegt haben. Sie offenbart dabei ungesch\u00f6nt, dass sie eine gewisse Form der Provokation darstellten und Opfer mit sich brachten. Aber gleichzeitig zeigt sie, wie notwendig Kings Bewegung war. Der Film stellt ohne Zweifel fest: Ohne ihn w\u00fcrde die Rassentrennung in Amerika vielleicht noch genauso stark vertreten sein wie vor den 1960er Jahren.<\/span><\/p>\n<p><span style=\"line-height: 1.5;\">David Oyelowo ist der Mann der Stunde, der Martin Luther King auf eine leidenschaftliche Weise verk\u00f6rpert. Oftmals pessimistisch und immer skeptisch dreinblickend, wirkt er die meiste Zeit \u00fcber wie ein sch\u00fcchterner, zur\u00fcckhaltender Mensch. Doch sobald er eine seiner Reden schwingt, bl\u00fcht er auf und zieht sowohl die Massen als auch uns Zuschauer in wenigen Phrasen auf seine Seite. Oyelowo spielt nuanciert, er spielt authentisch \u2013 und ja, es ist mehr als zynisch, dass ausgerechnet er keine Oscar-Nominierung erhalten hat.<\/span><\/p>\n<p><span style=\"line-height: 1.5;\">Das gleiche gilt f\u00fcr die Regieleistung von Ava DuVernay: Jede Szene ist mit Bedacht gedreht, nichts wirkt unn\u00f6tig oder langatmig. Auffallend ist, dass sie manche Ereignisse ohne gro\u00dfe Einleitung zeigt und ihre Bedeutung erst im nachhinein erkl\u00e4rt. Man k\u00f6nnte auch sagen: Sie wirft den Zuschauer mehrfach ins kalte Wasser, ohne ihn zu \u00fcberfordern. Sollte DuVernay diese Technik beibehalten und noch weiter ausbauen, dann sage ich ihr eine gro\u00dfe Zukunft als Regisseurin vorraus.<\/span><\/p>\n<p><span style=\"line-height: 1.5;\">Wo wurde <\/span><b style=\"line-height: 1.5;\">Selma<\/b><span style=\"line-height: 1.5;\"> noch bei den Oscars \u00fcbergangen? Ganz klar bei Kamera, Ausstattung und Kost\u00fcme. Der Film wirkt sehr glaubw\u00fcrdig und echt, weil das Setting einfach stimmt. Dabei sieht nichts \u00fcbertrieben teuer oder ausschweifend aus, was auch definitiv nicht zur Thematik gepasst h\u00e4tte. Diese m\u00f6chte schlie\u00dflich mit tiefster Demut ein simples wie selbstverst\u00e4ndliches Recht f\u00fcr Schwarze &#8222;einklagen&#8220;.<\/span><\/p>\n<p><span style=\"line-height: 1.5;\">Und somit ist <\/span><b style=\"line-height: 1.5;\">Selma<\/b><span style=\"line-height: 1.5;\"> in jedem Fall &#8222;wichtig&#8220;: Es zeigt, was damals falsch lief und niemals wieder falsch laufen darf. Er vermittelt mir ein Gef\u00fchl, wie sich zumindest dieser eine Aspekt der Ungerechtigkeit f\u00fcr alle Betroffenen angef\u00fchlt haben muss, ohne das es mich aufgrund seiner unbequemen Natur verschreckt.<\/span><\/p>\n<p><span style=\"line-height: 1.5;\">Ach ja, und bevor das hier vergessen geht: Ja, der Film ist nicht 100%-ig historisch akkurat \u2013 aber das ist normales Kinogesch\u00e4ft. Ich bleibe bei meiner Agenda, dass so lange ein auf Authentizit\u00e4t pochendes Werk nicht irgendwelche Fakten v\u00f6llig verdreht oder Charaktere in ein g\u00e4nzlich falsches Licht ger\u00fcckt werden, ein Film f\u00fcr sich betrachtet werden sollte. Lest ruhig im Anschluss einen Vergleich dar\u00fcber, was auf der Leinwand zu sehen ist und wie es sich in Wahrheit abspielte. Danach seid ihr ein gutes St\u00fcckchen schlauer und k\u00f6nnt gleichzeitiges ein fantastisches St\u00fcck Filmgeschichte genie\u00dfen.<\/span><\/p>\n<p>&nbsp;<br \/>\n<iframe loading=\"lazy\"  id=\"_ytid_12687\"  width=\"576\" height=\"324\"  data-origwidth=\"576\" data-origheight=\"324\" src=\"https:\/\/www.youtube.com\/embed\/kPgs2zshD9Y?enablejsapi=1&#038;autoplay=0&#038;cc_load_policy=0&#038;cc_lang_pref=&#038;iv_load_policy=1&#038;loop=0&#038;rel=1&#038;fs=1&#038;playsinline=0&#038;autohide=2&#038;theme=dark&#038;color=red&#038;controls=1&#038;disablekb=0&#038;\" class=\"__youtube_prefs__  epyt-is-override  no-lazyload\" title=\"YouTube player\"  allow=\"fullscreen; accelerometer; autoplay; clipboard-write; encrypted-media; gyroscope; picture-in-picture; web-share\" referrerpolicy=\"strict-origin-when-cross-origin\" allowfullscreen data-no-lazy=\"1\" data-skipgform_ajax_framebjll=\"\"><\/iframe><br \/>\n&nbsp;<\/p>\n<p><b style=\"line-height: 1.5;\"><i> Oscar-Nominierungen: Bester Film, Bester Song (Glory).<\/i><\/b><\/p>\n<p><b style=\"line-height: 1.5;\"><i>Alle Kritiken der Best-Picture-nominierten Filme 2014:<\/i><\/b><\/p>\n<p>&#8211; <a href=\"https:\/\/www.theawardian.de\/?p=593\">Boyhood<\/a><br \/>\n&#8211; <a href=\"https:\/\/www.theawardian.de\/?p=534\">The Grand Budapest Hotel<\/a><br \/>\n&#8211; <a href=\"https:\/\/www.theawardian.de\/?p=883\">Die Entdeckung der Unendlichkeit<\/a><br \/>\n&#8211; <a href=\"https:\/\/www.theawardian.de\/?p=910\">The Imitation Game<\/a><br \/>\n&#8211; <a href=\"https:\/\/www.theawardian.de\/?p=929\">Birdman<\/a><br \/>\n&#8211; <a href=\"https:\/\/www.theawardian.de\/?p=968\">Whiplash<\/a><br \/>\n&#8211; <a href=\"https:\/\/www.theawardian.de\/?p=1049\">American Sniper<\/a><br \/>\n&#8211; <a href=\"https:\/\/www.theawardian.de\/?p=1053\">Selma<\/a><\/p>\n","protected":false},"excerpt":{"rendered":"<p>Wann ist es notwendig, uns auf die Vergangenheit aufmerksam zu machen? Haben wir solch Themen wie Holocaust oder Rassenhass nicht zur Gen\u00fcge aufgearbeitet? M\u00fcssten sie nicht l\u00e4ngst in all unseren K\u00f6pfen manifestiert sein? Und wozu brauchen wir dann noch mehr Filme, die uns auf die Ungerechtigkeiten der letzten Jahrzehnte aufmerksam machen, wenn wir es doch nach all der Schei\u00dfe, die in der Geschichte der Menschheit passiert ist, besser wissen M\u00dcSSTEN?<\/p>\n","protected":false},"author":1,"featured_media":0,"comment_status":"open","ping_status":"open","sticky":false,"template":"","format":"standard","meta":{"footnotes":""},"categories":[11,12,14],"tags":[],"class_list":["post-1053","post","type-post","status-publish","format-standard","hentry","category-movie","category-movie-awards","category-kritik"],"_links":{"self":[{"href":"https:\/\/www.theawardian.de\/index.php?rest_route=\/wp\/v2\/posts\/1053","targetHints":{"allow":["GET"]}}],"collection":[{"href":"https:\/\/www.theawardian.de\/index.php?rest_route=\/wp\/v2\/posts"}],"about":[{"href":"https:\/\/www.theawardian.de\/index.php?rest_route=\/wp\/v2\/types\/post"}],"author":[{"embeddable":true,"href":"https:\/\/www.theawardian.de\/index.php?rest_route=\/wp\/v2\/users\/1"}],"replies":[{"embeddable":true,"href":"https:\/\/www.theawardian.de\/index.php?rest_route=%2Fwp%2Fv2%2Fcomments&post=1053"}],"version-history":[{"count":6,"href":"https:\/\/www.theawardian.de\/index.php?rest_route=\/wp\/v2\/posts\/1053\/revisions"}],"predecessor-version":[{"id":1068,"href":"https:\/\/www.theawardian.de\/index.php?rest_route=\/wp\/v2\/posts\/1053\/revisions\/1068"}],"wp:attachment":[{"href":"https:\/\/www.theawardian.de\/index.php?rest_route=%2Fwp%2Fv2%2Fmedia&parent=1053"}],"wp:term":[{"taxonomy":"category","embeddable":true,"href":"https:\/\/www.theawardian.de\/index.php?rest_route=%2Fwp%2Fv2%2Fcategories&post=1053"},{"taxonomy":"post_tag","embeddable":true,"href":"https:\/\/www.theawardian.de\/index.php?rest_route=%2Fwp%2Fv2%2Ftags&post=1053"}],"curies":[{"name":"wp","href":"https:\/\/api.w.org\/{rel}","templated":true}]}}